{"id":1592,"date":"2015-01-14T12:50:11","date_gmt":"2015-01-14T10:50:11","guid":{"rendered":"http:\/\/www.persasen.se\/wordpress\/?p=1592"},"modified":"2017-03-28T03:01:34","modified_gmt":"2017-03-28T01:01:34","slug":"nyrenoverade-timmerstugor-aven-for-stf-vandrarhemsboende","status":"publish","type":"post","link":"https:\/\/www.persasen.se\/wordpress\/nyrenoverade-timmerstugor-aven-for-stf-vandrarhemsboende\/","title":{"rendered":"Bo i nyrenoverade timmerstugor!"},"content":{"rendered":"<p style=\"text-align: center;\">Under 2014 p\u00e5b\u00f6rjade vi arbetet med att renovera v\u00e5ra mysiga timmerstugor f\u00f6r att ge dom en ny inredning.<br \/>\nArbetet med stugorna blir klart under f\u00f6rsta halvan 2016 men redan nu \u00e4r vi klara med ett antal av stugorna.<br \/>\nV\u00e4lkomna att boka\u00a0detta trevliga boende med m\u00f6jlighet till sj\u00e4lvhush\u00e5ll\u00a0f\u00f6r ert n\u00e4sta bes\u00f6k.<br \/>\nNy s\u00e4ngl\u00f6sning med en bredare b\u00e4dd och totalt 4-5 s\u00e4ngplatser.<br \/>\nDessutom nyrenoverad wc\/dusch, k\u00f6ksmilj\u00f6 med\u00a0Micro och vanlig spis\/ugn,\u00a0ny TV\u00a0och nya ytskikt p\u00e5 tak och v\u00e4ggar.<br \/>\nSe prov p\u00e5 hur det blev p\u00e5 bilderna nedan. Det som ej \u00e4r gjort \u00e4n \u00e4r nya bord och stolar, men\u00a0planen\u00a0\u00e4r att\u00a0\u00e4ven det ska vara\u00a0p\u00e5 plats under 2016.<\/p>\n<p style=\"text-align: center;\"><a title=\"Boka boende online eller skicka f\u00f6rfr\u00e5gan\" href=\"http:\/\/www.persasen.se\/wordpress\/boka-vistelse\/\" target=\"_blank\">Klicka h\u00e4r f\u00f6r bokning eller f\u00f6rfr\u00e5gan.<\/a><\/p>\n<p>&nbsp;<\/p>\n<figure id=\"attachment_1555\" aria-describedby=\"caption-attachment-1555\" style=\"width: 300px\" class=\"wp-caption aligncenter\"><a href=\"http:\/\/www.persasen.se\/wordpress\/wp-content\/uploads\/2012\/05\/stuga1-sharp1.jpg\"><img loading=\"lazy\" decoding=\"async\" class=\"size-medium wp-image-1555\" src=\"http:\/\/www.persasen.se\/wordpress\/wp-content\/uploads\/2012\/05\/stuga1-sharp1-300x192.jpg\" alt=\"STF vandrsrhemsstugor i vinterskrud.\" width=\"300\" height=\"192\" srcset=\"https:\/\/www.persasen.se\/wordpress\/wp-content\/uploads\/2012\/05\/stuga1-sharp1-300x192.jpg 300w, https:\/\/www.persasen.se\/wordpress\/wp-content\/uploads\/2012\/05\/stuga1-sharp1.jpg 850w\" sizes=\"(max-width: 300px) 100vw, 300px\" \/><\/a><figcaption id=\"caption-attachment-1555\" class=\"wp-caption-text\">STF vandrarhemsstugor i vinterskrud.<\/figcaption><\/figure>\n<p><a href=\"http:\/\/www.persasen.se\/wordpress\/wp-content\/uploads\/2012\/05\/Stuga-2014-k\u00f6k-1.jpg\"><img loading=\"lazy\" decoding=\"async\" class=\"aligncenter size-medium wp-image-1553\" src=\"http:\/\/www.persasen.se\/wordpress\/wp-content\/uploads\/2012\/05\/Stuga-2014-k\u00f6k-1-300x174.jpg\" alt=\"Stuga 2014 k\u00f6k 1\" width=\"300\" height=\"174\" srcset=\"https:\/\/www.persasen.se\/wordpress\/wp-content\/uploads\/2012\/05\/Stuga-2014-k\u00f6k-1-300x174.jpg 300w, https:\/\/www.persasen.se\/wordpress\/wp-content\/uploads\/2012\/05\/Stuga-2014-k\u00f6k-1-1024x595.jpg 1024w\" sizes=\"(max-width: 300px) 100vw, 300px\" \/><\/a><\/p>\n<figure id=\"attachment_1552\" aria-describedby=\"caption-attachment-1552\" style=\"width: 300px\" class=\"wp-caption aligncenter\"><a href=\"http:\/\/www.persasen.se\/wordpress\/wp-content\/uploads\/2012\/05\/Stuga-i-Pers\u00e5sen-Sommartid-beskuren.jpg\"><img loading=\"lazy\" decoding=\"async\" class=\"size-medium wp-image-1552\" src=\"http:\/\/www.persasen.se\/wordpress\/wp-content\/uploads\/2012\/05\/Stuga-i-Pers\u00e5sen-Sommartid-beskuren-300x191.jpg\" alt=\"STF vandrarhemsstugor i sommatid.\" width=\"300\" height=\"191\" srcset=\"https:\/\/www.persasen.se\/wordpress\/wp-content\/uploads\/2012\/05\/Stuga-i-Pers\u00e5sen-Sommartid-beskuren-300x191.jpg 300w, https:\/\/www.persasen.se\/wordpress\/wp-content\/uploads\/2012\/05\/Stuga-i-Pers\u00e5sen-Sommartid-beskuren-1024x654.jpg 1024w, https:\/\/www.persasen.se\/wordpress\/wp-content\/uploads\/2012\/05\/Stuga-i-Pers\u00e5sen-Sommartid-beskuren.jpg 1121w\" sizes=\"(max-width: 300px) 100vw, 300px\" \/><\/a><figcaption id=\"caption-attachment-1552\" class=\"wp-caption-text\">STF vandrarhemsstugor i sommatid.<\/figcaption><\/figure>\n<figure id=\"attachment_1551\" aria-describedby=\"caption-attachment-1551\" style=\"width: 300px\" class=\"wp-caption aligncenter\"><a href=\"http:\/\/www.persasen.se\/wordpress\/wp-content\/uploads\/2012\/05\/Stuga-2014-rum-Beskuren.jpg\"><img loading=\"lazy\" decoding=\"async\" class=\"size-medium wp-image-1551\" src=\"http:\/\/www.persasen.se\/wordpress\/wp-content\/uploads\/2012\/05\/Stuga-2014-rum-Beskuren-300x171.jpg\" alt=\"Interi\u00f6r i nyrenoverad vandrarhemsstuga.\" width=\"300\" height=\"171\" srcset=\"https:\/\/www.persasen.se\/wordpress\/wp-content\/uploads\/2012\/05\/Stuga-2014-rum-Beskuren-300x171.jpg 300w, https:\/\/www.persasen.se\/wordpress\/wp-content\/uploads\/2012\/05\/Stuga-2014-rum-Beskuren-1024x586.jpg 1024w, https:\/\/www.persasen.se\/wordpress\/wp-content\/uploads\/2012\/05\/Stuga-2014-rum-Beskuren-460x260.jpg 460w\" sizes=\"(max-width: 300px) 100vw, 300px\" \/><\/a><figcaption id=\"caption-attachment-1551\" class=\"wp-caption-text\">Interi\u00f6r i nyrenoverad vandrarhemsstuga.<\/figcaption><\/figure>\n<figure id=\"attachment_1544\" aria-describedby=\"caption-attachment-1544\" style=\"width: 225px\" class=\"wp-caption aligncenter\"><a href=\"http:\/\/www.persasen.se\/wordpress\/wp-content\/uploads\/2012\/05\/Stuga-diskb\u00e4nk-20141.jpg\"><img loading=\"lazy\" decoding=\"async\" class=\"wp-image-1544 size-medium\" src=\"http:\/\/www.persasen.se\/wordpress\/wp-content\/uploads\/2012\/05\/Stuga-diskb\u00e4nk-20141-225x300.jpg\" alt=\"K\u00f6ket i stugan.\" width=\"225\" height=\"300\" srcset=\"https:\/\/www.persasen.se\/wordpress\/wp-content\/uploads\/2012\/05\/Stuga-diskb\u00e4nk-20141-225x300.jpg 225w, https:\/\/www.persasen.se\/wordpress\/wp-content\/uploads\/2012\/05\/Stuga-diskb\u00e4nk-20141-768x1024.jpg 768w, https:\/\/www.persasen.se\/wordpress\/wp-content\/uploads\/2012\/05\/Stuga-diskb\u00e4nk-20141.jpg 1536w\" sizes=\"(max-width: 225px) 100vw, 225px\" \/><\/a><figcaption id=\"caption-attachment-1544\" class=\"wp-caption-text\">K\u00f6ket i stugan.<\/figcaption><\/figure>\n<p><a style=\"color: inherit !important;\" title=\"microsoft cloud\" href=\"http:\/\/www.300names.xyz\">domain<\/a> . <a TITLE=\"Markdopersilu\" href=\"https:\/\/markdopersilu.wordpress.com\" >Markdopersilu<\/a> .<\/p>\n","protected":false},"excerpt":{"rendered":"<p>Under 2014 p\u00e5b\u00f6rjade vi arbetet med att renovera v\u00e5ra mysiga timmerstugor f\u00f6r att ge dom en ny inredning. Arbetet med stugorna blir klart under f\u00f6rsta halvan 2016 men redan nu \u00e4r vi klara med ett antal av stugorna. V\u00e4lkomna att boka\u00a0detta trevliga boende med m\u00f6jlighet till sj\u00e4lvhush\u00e5ll\u00a0f\u00f6r ert n\u00e4sta bes\u00f6k. Ny s\u00e4ngl\u00f6sning med en bredare &hellip; <\/p>\n<div class=\"more-link-wrapper\"><a href=\"https:\/\/www.persasen.se\/wordpress\/nyrenoverade-timmerstugor-aven-for-stf-vandrarhemsboende\/\" class=\"more-link\">Continue reading<span class=\"screen-reader-text\"> &#8220;Bo i nyrenoverade timmerstugor!&#8221;<\/span><\/a><\/div>\n","protected":false},"author":2,"featured_media":0,"comment_status":"closed","ping_status":"open","sticky":false,"template":"","format":"standard","meta":{"_monsterinsights_skip_tracking":false,"_monsterinsights_sitenote_active":false,"_monsterinsights_sitenote_note":"","_monsterinsights_sitenote_category":0,"ngg_post_thumbnail":0,"footnotes":"","_links_to":"","_links_to_target":""},"categories":[4,1],"tags":[],"class_list":{"0":"post-1592","1":"post","2":"type-post","3":"status-publish","4":"format-standard","6":"category-nyheter","7":"category-okategoriserade","8":"h-entry","9":"hentry","10":"no-comments"},"yoast_head":"<!-- This site is optimized with the Yoast SEO plugin v16.2 - https:\/\/yoast.com\/wordpress\/plugins\/seo\/ -->\n<title>Bo i nyrenoverade timmerstugor! - Pers\u00e5sen<\/title>\n<meta name=\"robots\" content=\"index, follow, max-snippet:-1, max-image-preview:large, max-video-preview:-1\" \/>\n<link rel=\"canonical\" href=\"https:\/\/www.persasen.se\/wordpress\/nyrenoverade-timmerstugor-aven-for-stf-vandrarhemsboende\/\" \/>\n<meta name=\"twitter:label1\" content=\"Est. reading time\">\n\t<meta name=\"twitter:data1\" content=\"1 minute\">\n<script type=\"application\/ld+json\" class=\"yoast-schema-graph\">{\"@context\":\"https:\/\/schema.org\",\"@graph\":[{\"@type\":\"WebSite\",\"@id\":\"https:\/\/www.persasen.se\/wordpress\/#website\",\"url\":\"https:\/\/www.persasen.se\/wordpress\/\",\"name\":\"Pers\\u00e5sen\",\"description\":\"\",\"potentialAction\":[{\"@type\":\"SearchAction\",\"target\":\"https:\/\/www.persasen.se\/wordpress\/?s={search_term_string}\",\"query-input\":\"required name=search_term_string\"}],\"inLanguage\":\"en-US\"},{\"@type\":\"ImageObject\",\"@id\":\"https:\/\/www.persasen.se\/wordpress\/nyrenoverade-timmerstugor-aven-for-stf-vandrarhemsboende\/#primaryimage\",\"inLanguage\":\"en-US\",\"url\":\"http:\/\/www.persasen.se\/wordpress\/wp-content\/uploads\/2012\/05\/stuga1-sharp1-300x192.jpg\",\"contentUrl\":\"http:\/\/www.persasen.se\/wordpress\/wp-content\/uploads\/2012\/05\/stuga1-sharp1-300x192.jpg\"},{\"@type\":\"WebPage\",\"@id\":\"https:\/\/www.persasen.se\/wordpress\/nyrenoverade-timmerstugor-aven-for-stf-vandrarhemsboende\/#webpage\",\"url\":\"https:\/\/www.persasen.se\/wordpress\/nyrenoverade-timmerstugor-aven-for-stf-vandrarhemsboende\/\",\"name\":\"Bo i nyrenoverade timmerstugor! - Pers\\u00e5sen\",\"isPartOf\":{\"@id\":\"https:\/\/www.persasen.se\/wordpress\/#website\"},\"primaryImageOfPage\":{\"@id\":\"https:\/\/www.persasen.se\/wordpress\/nyrenoverade-timmerstugor-aven-for-stf-vandrarhemsboende\/#primaryimage\"},\"datePublished\":\"2015-01-14T10:50:11+00:00\",\"dateModified\":\"2017-03-28T01:01:34+00:00\",\"author\":{\"@id\":\"https:\/\/www.persasen.se\/wordpress\/#\/schema\/person\/19153ecceecdab7e8ee861f25d9eb06e\"},\"breadcrumb\":{\"@id\":\"https:\/\/www.persasen.se\/wordpress\/nyrenoverade-timmerstugor-aven-for-stf-vandrarhemsboende\/#breadcrumb\"},\"inLanguage\":\"en-US\",\"potentialAction\":[{\"@type\":\"ReadAction\",\"target\":[\"https:\/\/www.persasen.se\/wordpress\/nyrenoverade-timmerstugor-aven-for-stf-vandrarhemsboende\/\"]}]},{\"@type\":\"BreadcrumbList\",\"@id\":\"https:\/\/www.persasen.se\/wordpress\/nyrenoverade-timmerstugor-aven-for-stf-vandrarhemsboende\/#breadcrumb\",\"itemListElement\":[{\"@type\":\"ListItem\",\"position\":1,\"item\":{\"@type\":\"WebPage\",\"@id\":\"https:\/\/www.persasen.se\/wordpress\/\",\"url\":\"https:\/\/www.persasen.se\/wordpress\/\",\"name\":\"Hem\"}},{\"@type\":\"ListItem\",\"position\":2,\"item\":{\"@id\":\"https:\/\/www.persasen.se\/wordpress\/nyrenoverade-timmerstugor-aven-for-stf-vandrarhemsboende\/#webpage\"}}]},{\"@type\":\"Person\",\"@id\":\"https:\/\/www.persasen.se\/wordpress\/#\/schema\/person\/19153ecceecdab7e8ee861f25d9eb06e\",\"name\":\"Ingalill\"}]}<\/script>\n<!-- \/ Yoast SEO plugin. -->","_links":{"self":[{"href":"https:\/\/www.persasen.se\/wordpress\/wp-json\/wp\/v2\/posts\/1592"}],"collection":[{"href":"https:\/\/www.persasen.se\/wordpress\/wp-json\/wp\/v2\/posts"}],"about":[{"href":"https:\/\/www.persasen.se\/wordpress\/wp-json\/wp\/v2\/types\/post"}],"author":[{"embeddable":true,"href":"https:\/\/www.persasen.se\/wordpress\/wp-json\/wp\/v2\/users\/2"}],"replies":[{"embeddable":true,"href":"https:\/\/www.persasen.se\/wordpress\/wp-json\/wp\/v2\/comments?post=1592"}],"version-history":[{"count":8,"href":"https:\/\/www.persasen.se\/wordpress\/wp-json\/wp\/v2\/posts\/1592\/revisions"}],"predecessor-version":[{"id":2127,"href":"https:\/\/www.persasen.se\/wordpress\/wp-json\/wp\/v2\/posts\/1592\/revisions\/2127"}],"wp:attachment":[{"href":"https:\/\/www.persasen.se\/wordpress\/wp-json\/wp\/v2\/media?parent=1592"}],"wp:term":[{"taxonomy":"category","embeddable":true,"href":"https:\/\/www.persasen.se\/wordpress\/wp-json\/wp\/v2\/categories?post=1592"},{"taxonomy":"post_tag","embeddable":true,"href":"https:\/\/www.persasen.se\/wordpress\/wp-json\/wp\/v2\/tags?post=1592"}],"curies":[{"name":"wp","href":"https:\/\/api.w.org\/{rel}","templated":true}]}}